{"id":4062,"date":"2023-05-28T18:04:36","date_gmt":"2023-05-28T16:04:36","guid":{"rendered":"https:\/\/www.roch-privat.de\/wp\/?p=4062"},"modified":"2026-01-18T15:31:55","modified_gmt":"2026-01-18T14:31:55","slug":"14-von-himmelpforten-nach-buxtehude","status":"publish","type":"post","link":"https:\/\/www.roch-privat.de\/wp\/14-von-himmelpforten-nach-buxtehude\/","title":{"rendered":"14 &#8211; Von Himmelpforten nach Buxtehude"},"content":{"rendered":"\t\t<div data-elementor-type=\"wp-post\" data-elementor-id=\"4062\" class=\"elementor elementor-4062\" data-elementor-settings=\"{&quot;element_pack_global_tooltip_width&quot;:{&quot;unit&quot;:&quot;px&quot;,&quot;size&quot;:&quot;&quot;,&quot;sizes&quot;:[]},&quot;element_pack_global_tooltip_width_tablet&quot;:{&quot;unit&quot;:&quot;px&quot;,&quot;size&quot;:&quot;&quot;,&quot;sizes&quot;:[]},&quot;element_pack_global_tooltip_width_mobile&quot;:{&quot;unit&quot;:&quot;px&quot;,&quot;size&quot;:&quot;&quot;,&quot;sizes&quot;:[]},&quot;element_pack_global_tooltip_padding&quot;:{&quot;unit&quot;:&quot;px&quot;,&quot;top&quot;:&quot;&quot;,&quot;right&quot;:&quot;&quot;,&quot;bottom&quot;:&quot;&quot;,&quot;left&quot;:&quot;&quot;,&quot;isLinked&quot;:true},&quot;element_pack_global_tooltip_padding_tablet&quot;:{&quot;unit&quot;:&quot;px&quot;,&quot;top&quot;:&quot;&quot;,&quot;right&quot;:&quot;&quot;,&quot;bottom&quot;:&quot;&quot;,&quot;left&quot;:&quot;&quot;,&quot;isLinked&quot;:true},&quot;element_pack_global_tooltip_padding_mobile&quot;:{&quot;unit&quot;:&quot;px&quot;,&quot;top&quot;:&quot;&quot;,&quot;right&quot;:&quot;&quot;,&quot;bottom&quot;:&quot;&quot;,&quot;left&quot;:&quot;&quot;,&quot;isLinked&quot;:true},&quot;element_pack_global_tooltip_border_radius&quot;:{&quot;unit&quot;:&quot;px&quot;,&quot;top&quot;:&quot;&quot;,&quot;right&quot;:&quot;&quot;,&quot;bottom&quot;:&quot;&quot;,&quot;left&quot;:&quot;&quot;,&quot;isLinked&quot;:true},&quot;element_pack_global_tooltip_border_radius_tablet&quot;:{&quot;unit&quot;:&quot;px&quot;,&quot;top&quot;:&quot;&quot;,&quot;right&quot;:&quot;&quot;,&quot;bottom&quot;:&quot;&quot;,&quot;left&quot;:&quot;&quot;,&quot;isLinked&quot;:true},&quot;element_pack_global_tooltip_border_radius_mobile&quot;:{&quot;unit&quot;:&quot;px&quot;,&quot;top&quot;:&quot;&quot;,&quot;right&quot;:&quot;&quot;,&quot;bottom&quot;:&quot;&quot;,&quot;left&quot;:&quot;&quot;,&quot;isLinked&quot;:true}}\" data-elementor-post-type=\"post\">\n\t\t\t\t<div class=\"elementor-element elementor-element-ee0db58 e-flex e-con-boxed wpr-equal-height-no e-con e-parent\" data-id=\"ee0db58\" data-element_type=\"container\" data-e-type=\"container\">\n\t\t\t\t\t<div class=\"e-con-inner\">\n\t\t<div class=\"elementor-element elementor-element-3e0aa7d e-con-full e-flex wpr-equal-height-no e-con e-child\" data-id=\"3e0aa7d\" data-element_type=\"container\" data-e-type=\"container\" data-settings=\"{&quot;sticky&quot;:&quot;top&quot;,&quot;sticky_offset&quot;:50,&quot;sticky_on&quot;:[&quot;desktop&quot;,&quot;tablet&quot;,&quot;mobile&quot;],&quot;sticky_effects_offset&quot;:0,&quot;sticky_anchor_link_offset&quot;:0}\">\n\t\t\t\t<div class=\"elementor-element elementor-element-45111f8 elementor-widget elementor-widget-ucaddon_breadcrumbs_widget\" data-id=\"45111f8\" data-element_type=\"widget\" data-e-type=\"widget\" data-widget_type=\"ucaddon_breadcrumbs_widget.default\">\n\t\t\t\t<div class=\"elementor-widget-container\">\n\t\t\t\t\t\n<!-- start Breadcrumbs -->\n\t\t<link id='font-awesome-css' href='https:\/\/www.roch-privat.de\/wp\/wp-content\/plugins\/unlimited-elements-for-elementor-premium\/assets_libraries\/font-awesome6\/fontawesome-all.min.css' type='text\/css' rel='stylesheet' >\n\t\t<link id='font-awesome-4-shim-css' href='https:\/\/www.roch-privat.de\/wp\/wp-content\/plugins\/unlimited-elements-for-elementor-premium\/assets_libraries\/font-awesome6\/fontawesome-v4-shims.min.css' type='text\/css' rel='stylesheet' >\n\n<style>\/* widget: Breadcrumbs *\/\n\n#uc_breadcrumbs_widget_elementor_45111f8 .uc-breadcrumbs-list {\n  margin: 0;\n  padding: 0;\n  display: flex;\n  flex-wrap: wrap;\n}\n#uc_breadcrumbs_widget_elementor_45111f8 .uc-breadcrumbs-list li {\n  display: flex;\n  align-items: center;\n  list-style-type: none;\n}\n#uc_breadcrumbs_widget_elementor_45111f8 .uc-item-title {\n    position: relative;\n    display: inline-flex;\n    justify-content: center;\n    align-items: center;\n}\n#uc_breadcrumbs_widget_elementor_45111f8 .uc-item-title-inner{\n  display: flex;\n  align-items: center;\n}\n\n  #uc_breadcrumbs_widget_elementor_45111f8 .uc-breadcrumb-separator {\n    display:flex;\n    align-items: center;\n    justify-content: center\n  }\n  #uc_breadcrumbs_widget_elementor_45111f8 .uc-breadcrumb-separator svg {\n    width:1em;\n    height:1em;\n  }\n\n\n  #uc_breadcrumbs_widget_elementor_45111f8 .ue-home-icon{\n    display:flex;\n    align-items:center;\n    justify-content:center;\n  }\n  #uc_breadcrumbs_widget_elementor_45111f8 .ue-home-icon svg{\n    width:1em;\n    height:1em;\n  }\n\n  \/* soft styles *\/\n  .skew .uc-item-title, .skew a.uc-item-title{\n    box-shadow: 0 2px 5px rgba(0,0,0,0.26);\n  }\n\n\n\n<\/style>\n\n\n    \t\n            <div id=\"uc_breadcrumbs_widget_elementor_45111f8\" class=\"uc-breadcrumbs\">\n            <ul class=\"uc-breadcrumbs-list skew\">\n                                                            <li class=\"uc-breadcrumb-item\">\n                            <a href=\"https:\/\/www.roch-privat.de\/wp\/\" class=\"uc-item-title\">\n                              <span class=\"uc-item-title-inner\">\n                                                                <span class=\"ue-home-icon\"><i class='fas fa-home'><\/i><\/span>                                \n                              <\/span>\n                            <\/a>\n                                                    <\/li>              \t\t    \n                                                <\/ul>\n        <\/div>\n\n            \n<!-- end Breadcrumbs -->\t\t\t\t<\/div>\n\t\t\t\t<\/div>\n\t\t\t\t<div class=\"elementor-element elementor-element-db30594 elementor-widget elementor-widget-progress-tracker\" data-id=\"db30594\" data-element_type=\"widget\" data-e-type=\"widget\" data-settings=\"{&quot;type&quot;:&quot;horizontal&quot;,&quot;relative_to&quot;:&quot;entire_page&quot;}\" data-widget_type=\"progress-tracker.default\">\n\t\t\t\t<div class=\"elementor-widget-container\">\n\t\t\t\t\t\n\t\t<div class=\"elementor-scrolling-tracker elementor-scrolling-tracker-horizontal elementor-scrolling-tracker-alignment-\">\n\t\t\t\t\t\t<div class=\"current-progress\">\n\t\t\t\t\t<div class=\"current-progress-percentage\"><\/div>\n\t\t\t\t<\/div>\n\t\t\t\t<\/div>\n\t\t\t\t\t\t<\/div>\n\t\t\t\t<\/div>\n\t\t\t\t<\/div>\n\t\t\t\t<div class=\"elementor-element elementor-element-e5c7f95 elementor-widget-divider--view-line elementor-widget elementor-widget-divider\" data-id=\"e5c7f95\" data-element_type=\"widget\" data-e-type=\"widget\" data-widget_type=\"divider.default\">\n\t\t\t\t<div class=\"elementor-widget-container\">\n\t\t\t\t\t\t\t<div class=\"elementor-divider\">\n\t\t\t<span class=\"elementor-divider-separator\">\n\t\t\t\t\t\t<\/span>\n\t\t<\/div>\n\t\t\t\t\t\t<\/div>\n\t\t\t\t<\/div>\n\t\t\t\t<div class=\"elementor-element elementor-element-1aaded73 elementor-widget elementor-widget-post-info\" data-id=\"1aaded73\" data-element_type=\"widget\" data-e-type=\"widget\" data-widget_type=\"post-info.default\">\n\t\t\t\t<div class=\"elementor-widget-container\">\n\t\t\t\t\t\t\t<ul class=\"elementor-inline-items elementor-icon-list-items elementor-post-info\">\n\t\t\t\t\t\t\t\t<li class=\"elementor-icon-list-item elementor-repeater-item-28ae56e elementor-inline-item\" itemprop=\"author\">\n\t\t\t\t\t\t\t\t\t\t<span class=\"elementor-icon-list-icon\">\n\t\t\t\t\t\t\t\t<svg aria-hidden=\"true\" class=\"e-font-icon-svg e-far-user-circle\" viewBox=\"0 0 496 512\" xmlns=\"http:\/\/www.w3.org\/2000\/svg\"><path d=\"M248 104c-53 0-96 43-96 96s43 96 96 96 96-43 96-96-43-96-96-96zm0 144c-26.5 0-48-21.5-48-48s21.5-48 48-48 48 21.5 48 48-21.5 48-48 48zm0-240C111 8 0 119 0 256s111 248 248 248 248-111 248-248S385 8 248 8zm0 448c-49.7 0-95.1-18.3-130.1-48.4 14.9-23 40.4-38.6 69.6-39.5 20.8 6.4 40.6 9.6 60.5 9.6s39.7-3.1 60.5-9.6c29.2 1 54.7 16.5 69.6 39.5-35 30.1-80.4 48.4-130.1 48.4zm162.7-84.1c-24.4-31.4-62.1-51.9-105.1-51.9-10.2 0-26 9.6-57.6 9.6-31.5 0-47.4-9.6-57.6-9.6-42.9 0-80.6 20.5-105.1 51.9C61.9 339.2 48 299.2 48 256c0-110.3 89.7-200 200-200s200 89.7 200 200c0 43.2-13.9 83.2-37.3 115.9z\"><\/path><\/svg>\t\t\t\t\t\t\t<\/span>\n\t\t\t\t\t\t\t\t\t<span class=\"elementor-icon-list-text elementor-post-info__item elementor-post-info__item--type-author\">\n\t\t\t\t\t\t\t\t\t\tClaus Roch\t\t\t\t\t<\/span>\n\t\t\t\t\t\t\t\t<\/li>\n\t\t\t\t<li class=\"elementor-icon-list-item elementor-repeater-item-61c32b2 elementor-inline-item\" itemprop=\"datePublished\">\n\t\t\t\t\t\t\t\t\t\t<span class=\"elementor-icon-list-icon\">\n\t\t\t\t\t\t\t\t<svg aria-hidden=\"true\" class=\"e-font-icon-svg e-fas-calendar\" viewBox=\"0 0 448 512\" xmlns=\"http:\/\/www.w3.org\/2000\/svg\"><path d=\"M12 192h424c6.6 0 12 5.4 12 12v260c0 26.5-21.5 48-48 48H48c-26.5 0-48-21.5-48-48V204c0-6.6 5.4-12 12-12zm436-44v-36c0-26.5-21.5-48-48-48h-48V12c0-6.6-5.4-12-12-12h-40c-6.6 0-12 5.4-12 12v52H160V12c0-6.6-5.4-12-12-12h-40c-6.6 0-12 5.4-12 12v52H48C21.5 64 0 85.5 0 112v36c0 6.6 5.4 12 12 12h424c6.6 0 12-5.4 12-12z\"><\/path><\/svg>\t\t\t\t\t\t\t<\/span>\n\t\t\t\t\t\t\t\t\t<span class=\"elementor-icon-list-text elementor-post-info__item elementor-post-info__item--type-date\">\n\t\t\t\t\t\t\t\t\t\t<time>So. 28.05.2023<\/time>\t\t\t\t\t<\/span>\n\t\t\t\t\t\t\t\t<\/li>\n\t\t\t\t<\/ul>\n\t\t\t\t\t\t<\/div>\n\t\t\t\t<\/div>\n\t\t\t\t<div class=\"elementor-element elementor-element-5883e9e2 elementor-widget-divider--view-line elementor-widget elementor-widget-divider\" data-id=\"5883e9e2\" data-element_type=\"widget\" data-e-type=\"widget\" data-widget_type=\"divider.default\">\n\t\t\t\t<div class=\"elementor-widget-container\">\n\t\t\t\t\t\t\t<div class=\"elementor-divider\">\n\t\t\t<span class=\"elementor-divider-separator\">\n\t\t\t\t\t\t<\/span>\n\t\t<\/div>\n\t\t\t\t\t\t<\/div>\n\t\t\t\t<\/div>\n\t\t\t\t\t<\/div>\n\t\t\t\t<\/div>\n\t\t<div class=\"elementor-element elementor-element-6c70777 e-flex e-con-boxed wpr-equal-height-no e-con e-parent\" data-id=\"6c70777\" data-element_type=\"container\" data-e-type=\"container\">\n\t\t\t\t\t<div class=\"e-con-inner\">\n\t\t<div class=\"elementor-element elementor-element-e4635f9 e-con-full e-flex wpr-equal-height-no e-con e-child\" data-id=\"e4635f9\" data-element_type=\"container\" data-e-type=\"container\">\n\t\t\t\t<div class=\"elementor-element elementor-element-4ded407 elementor-widget elementor-widget-wp-widget-maxmegamenu\" data-id=\"4ded407\" data-element_type=\"widget\" data-e-type=\"widget\" data-widget_type=\"wp-widget-maxmegamenu.default\">\n\t\t\t\t<div class=\"elementor-widget-container\">\n\t\t\t\t\t<div id=\"mega-menu-wrap-max_mega_menu_3\" class=\"mega-menu-wrap\"><div class=\"mega-menu-toggle\"><div class=\"mega-toggle-blocks-left\"><\/div><div class=\"mega-toggle-blocks-center\"><div class='mega-toggle-block mega-menu-toggle-animated-block mega-toggle-block-1' id='mega-toggle-block-1'><button aria-controls=\"mega-menu-max_mega_menu_3\" aria-expanded=\"false\" aria-haspopup=\"true\" aria-label=\"Toggle Menu\" class=\"mega-toggle-animated mega-toggle-animated-slider\" type=\"button\">\n                  <span class=\"mega-toggle-animated-box\">\n                    <span class=\"mega-toggle-animated-inner\"><\/span>\n                  <\/span>\n                <\/button><\/div><\/div><div class=\"mega-toggle-blocks-right\"><\/div><\/div><ul id=\"mega-menu-max_mega_menu_3\" class=\"mega-menu max-mega-menu mega-menu-horizontal mega-no-js\" data-event=\"hover_intent\" data-effect=\"fade_up\" data-effect-speed=\"200\" data-effect-mobile=\"slide_right\" data-effect-speed-mobile=\"200\" data-mobile-force-width=\"false\" data-second-click=\"go\" data-document-click=\"collapse\" data-vertical-behaviour=\"standard\" data-breakpoint=\"1230\" data-unbind=\"true\" data-mobile-state=\"collapse_all\" data-mobile-direction=\"vertical\" data-sticky-enabled=\"true\" data-sticky-desktop=\"true\" data-sticky-mobile=\"true\" data-sticky-offset=\"180\" data-sticky-expand=\"false\" data-sticky-expand-mobile=\"false\" data-sticky-transition=\"false\" data-overlay-desktop=\"false\" data-overlay-mobile=\"false\"><li class=\"mega-menu-item mega-menu-item-type-custom mega-menu-item-object-custom mega-menu-item-has-children mega-align-bottom-left mega-menu-flyout mega-has-icon mega-icon-left mega-menu-item-6566\" id=\"mega-menu-item-6566\"><a class=\"mega-custom-icon mega-menu-link\" aria-expanded=\"false\" aria-controls=\"mega-sub-menu-6566\">W\u00e4hle hier eine Radtour aus<span class=\"mega-indicator\" aria-hidden=\"true\"><\/span><\/a>\n<ul class=\"mega-sub-menu\" id='mega-sub-menu-6566'>\n<li class=\"mega-menu-item mega-menu-item-type-custom mega-menu-item-object-custom mega-menu-item-has-children mega-menu-item-7861\" id=\"mega-menu-item-7861\"><a class=\"mega-menu-link\" aria-expanded=\"false\" aria-controls=\"mega-sub-menu-7861\">Radtouren in 2018<span class=\"mega-indicator\" aria-hidden=\"true\"><\/span><\/a>\n\t<ul class=\"mega-sub-menu\" id='mega-sub-menu-7861'>\n<li class=\"mega-menu-item mega-menu-item-type-post_type mega-menu-item-object-post mega-menu-item-3010\" id=\"mega-menu-item-3010\"><a class=\"mega-menu-link\" href=\"https:\/\/www.roch-privat.de\/wp\/01-von-wischhafen-rund-um-die-stoer-zur-faehre-else\/\">01 \u2013 Von Wischhafen rund um die St\u00f6r zur F\u00e4hre ELSE<\/a><\/li>\t<\/ul>\n<\/li><li class=\"mega-menu-item mega-menu-item-type-custom mega-menu-item-object-custom mega-menu-item-has-children mega-menu-item-7862\" id=\"mega-menu-item-7862\"><a class=\"mega-menu-link\" aria-expanded=\"false\" aria-controls=\"mega-sub-menu-7862\">Radtouren in 2021<span class=\"mega-indicator\" aria-hidden=\"true\"><\/span><\/a>\n\t<ul class=\"mega-sub-menu\" id='mega-sub-menu-7862'>\n<li class=\"mega-menu-item mega-menu-item-type-post_type mega-menu-item-object-post mega-menu-item-2988\" id=\"mega-menu-item-2988\"><a class=\"mega-menu-link\" href=\"https:\/\/www.roch-privat.de\/wp\/02-radtour-in-der-lueneburger-heide\/\">02 \u2013 Radtour in der L\u00fcneburger Heide<\/a><\/li>\t<\/ul>\n<\/li><li class=\"mega-menu-item mega-menu-item-type-custom mega-menu-item-object-custom mega-menu-item-has-children mega-menu-item-7863\" id=\"mega-menu-item-7863\"><a class=\"mega-menu-link\" aria-expanded=\"false\" aria-controls=\"mega-sub-menu-7863\">Radtouren in 2022<span class=\"mega-indicator\" aria-hidden=\"true\"><\/span><\/a>\n\t<ul class=\"mega-sub-menu\" id='mega-sub-menu-7863'>\n<li class=\"mega-menu-item mega-menu-item-type-post_type mega-menu-item-object-post mega-menu-item-2989\" id=\"mega-menu-item-2989\"><a class=\"mega-menu-link\" href=\"https:\/\/www.roch-privat.de\/wp\/03-tour-zum-sperrwerk-wischafen\/\">03 \u2013 Tour zum Sperrwerk Wischafen<\/a><\/li><li class=\"mega-menu-item mega-menu-item-type-post_type mega-menu-item-object-post mega-menu-item-2990\" id=\"mega-menu-item-2990\"><a class=\"mega-menu-link\" href=\"https:\/\/www.roch-privat.de\/wp\/04-von-himmelpforten-nach-bremerhaven\/\">04 \u2013 Von Himmelpforten nach Bremerhaven<\/a><\/li><li class=\"mega-menu-item mega-menu-item-type-post_type mega-menu-item-object-post mega-menu-item-2991\" id=\"mega-menu-item-2991\"><a class=\"mega-menu-link\" href=\"https:\/\/www.roch-privat.de\/wp\/05-von-bremerhaven-zum-bahnhof-cuxhaven\/\">05 \u2013 Von Bremerhaven zum Bahnhof Cuxhaven<\/a><\/li><li class=\"mega-menu-item mega-menu-item-type-post_type mega-menu-item-object-post mega-menu-item-3001\" id=\"mega-menu-item-3001\"><a class=\"mega-menu-link\" href=\"https:\/\/www.roch-privat.de\/wp\/06-von-glueckstadt-zum-hof-hochgenuss\/\">06 \u2013 Von Gl\u00fcckstadt zum Hof Hochgenuss<\/a><\/li><li class=\"mega-menu-item mega-menu-item-type-post_type mega-menu-item-object-post mega-menu-item-3449\" id=\"mega-menu-item-3449\"><a class=\"mega-menu-link\" href=\"https:\/\/www.roch-privat.de\/wp\/07-zum-hhfischmarkt-und-blankenese\/\">07 \u2013 Zum HH-Fischmarkt und Blankenese<\/a><\/li><li class=\"mega-menu-item mega-menu-item-type-post_type mega-menu-item-object-post mega-menu-item-3477\" id=\"mega-menu-item-3477\"><a class=\"mega-menu-link\" href=\"https:\/\/www.roch-privat.de\/wp\/08-zum-bremervoerder-see-und-zurueck-ueber-mulsum\/\">08 \u2013 Zum Bremerv\u00f6rder See und zur\u00fcck \u00fcber Mulsum<\/a><\/li><li class=\"mega-menu-item mega-menu-item-type-post_type mega-menu-item-object-post mega-menu-item-3484\" id=\"mega-menu-item-3484\"><a class=\"mega-menu-link\" href=\"https:\/\/www.roch-privat.de\/wp\/09-tour-zur-kaffeeklappe-best-place-to-be\/\">09 \u2013 Tour zur Kaffeeklappe (best place to be)<\/a><\/li>\t<\/ul>\n<\/li><li class=\"mega-menu-item mega-menu-item-type-custom mega-menu-item-object-custom mega-menu-item-has-children mega-menu-item-7864\" id=\"mega-menu-item-7864\"><a class=\"mega-menu-link\" aria-expanded=\"false\" aria-controls=\"mega-sub-menu-7864\">Radtouren in 2023<span class=\"mega-indicator\" aria-hidden=\"true\"><\/span><\/a>\n\t<ul class=\"mega-sub-menu\" id='mega-sub-menu-7864'>\n<li class=\"mega-menu-item mega-menu-item-type-post_type mega-menu-item-object-post mega-menu-item-3492\" id=\"mega-menu-item-3492\"><a class=\"mega-menu-link\" href=\"https:\/\/www.roch-privat.de\/wp\/10-tour-nach-graepel-und-zurueck-entlang-der-oste\/\">10 \u2013 Tour nach Gr\u00e4pel und zur\u00fcck entlang der Oste<\/a><\/li><li class=\"mega-menu-item mega-menu-item-type-post_type mega-menu-item-object-post mega-menu-item-3969\" id=\"mega-menu-item-3969\"><a class=\"mega-menu-link\" href=\"https:\/\/www.roch-privat.de\/wp\/11-von-otterndorf-nach-himmelpforten\/\">11 \u2013 Von Otterndorf nach Himmelpforten<\/a><\/li><li class=\"mega-menu-item mega-menu-item-type-post_type mega-menu-item-object-post mega-menu-item-3994\" id=\"mega-menu-item-3994\"><a class=\"mega-menu-link\" href=\"https:\/\/www.roch-privat.de\/wp\/12-zur-tiefsten-landstelle-deutschlands\/\">12 \u2013 Zur tiefsten Lanstelle Deutschlands<\/a><\/li><li class=\"mega-menu-item mega-menu-item-type-post_type mega-menu-item-object-post mega-menu-item-4060\" id=\"mega-menu-item-4060\"><a class=\"mega-menu-link\" href=\"https:\/\/www.roch-privat.de\/wp\/13-von-himmelpforten-nach-harsefeld\/\">13 \u2013 Von Himmelpforten nach Harsefeld<\/a><\/li><li class=\"mega-menu-item mega-menu-item-type-post_type mega-menu-item-object-post mega-menu-item-4069\" id=\"mega-menu-item-4069\"><a class=\"mega-menu-link\" href=\"https:\/\/www.roch-privat.de\/wp\/14-von-himmelpforten-nach-buxtehude\/\">14 \u2013 Von Himmelpforten Nach Buxtehude<\/a><\/li><li class=\"mega-menu-item mega-menu-item-type-post_type mega-menu-item-object-post mega-menu-item-4078\" id=\"mega-menu-item-4078\"><a class=\"mega-menu-link\" href=\"https:\/\/www.roch-privat.de\/wp\/15-tour-zur-hogendiekbruecke-in-steinkirchen\/\">15 \u2013 Tour zur Hogendiekbr\u00fccke in Steinkirchen<\/a><\/li><li class=\"mega-menu-item mega-menu-item-type-post_type mega-menu-item-object-post mega-menu-item-4727\" id=\"mega-menu-item-4727\"><a class=\"mega-menu-link\" href=\"https:\/\/www.roch-privat.de\/wp\/16-tour-zum-fischmark-in-stade\/\">16 \u2013 Tour zum Fischmarkt in Stade<\/a><\/li><li class=\"mega-menu-item mega-menu-item-type-post_type mega-menu-item-object-post mega-menu-item-5757\" id=\"mega-menu-item-5757\"><a class=\"mega-menu-link\" href=\"https:\/\/www.roch-privat.de\/wp\/17-tour-zum-grillplatz-in-abbenfleth\/\">17 \u2013 Tour Zum Grillplatz In Abbenfleth<\/a><\/li>\t<\/ul>\n<\/li><li class=\"mega-menu-item mega-menu-item-type-custom mega-menu-item-object-custom mega-menu-item-has-children mega-menu-item-7865\" id=\"mega-menu-item-7865\"><a class=\"mega-menu-link\" aria-expanded=\"false\" aria-controls=\"mega-sub-menu-7865\">Radtouren in 2024<span class=\"mega-indicator\" aria-hidden=\"true\"><\/span><\/a>\n\t<ul class=\"mega-sub-menu\" id='mega-sub-menu-7865'>\n<li class=\"mega-menu-item mega-menu-item-type-post_type mega-menu-item-object-post mega-menu-item-5766\" id=\"mega-menu-item-5766\"><a class=\"mega-menu-link\" href=\"https:\/\/www.roch-privat.de\/wp\/18-tour-zum-cafe-central-in-osten\/\">18 \u2013 Tour Zum Cafe Central In Osten<\/a><\/li><li class=\"mega-menu-item mega-menu-item-type-post_type mega-menu-item-object-post mega-menu-item-5778\" id=\"mega-menu-item-5778\"><a class=\"mega-menu-link\" href=\"https:\/\/www.roch-privat.de\/wp\/19-tour-von-himmelpforten-zum-bhf-cuxhaven\/\">19 \u2013 Tour von Himmelpforten zum Bhf. Cuxhaven<\/a><\/li><li class=\"mega-menu-item mega-menu-item-type-post_type mega-menu-item-object-post mega-menu-item-5803\" id=\"mega-menu-item-5803\"><a class=\"mega-menu-link\" href=\"https:\/\/www.roch-privat.de\/wp\/20-infotour-durch-die-samtgemeinde-oldendorf-himmelpforten\/\">20 \u2013 Infotour durch die Samtgemeinde Oldendorf Himmelpforten<\/a><\/li><li class=\"mega-menu-item mega-menu-item-type-post_type mega-menu-item-object-post mega-menu-item-5863\" id=\"mega-menu-item-5863\"><a class=\"mega-menu-link\" href=\"https:\/\/www.roch-privat.de\/wp\/21-tour-zum-luftsportverein-guenther-gronhoff-in-agathenburg\/\">21 \u2013 Tour Zum Luftsportverein Guenther Gronhoff In Agathenburg<\/a><\/li>\t<\/ul>\n<\/li><li class=\"mega-menu-item mega-menu-item-type-custom mega-menu-item-object-custom mega-menu-item-has-children mega-menu-item-7866\" id=\"mega-menu-item-7866\"><a class=\"mega-menu-link\" aria-expanded=\"false\" aria-controls=\"mega-sub-menu-7866\">Radtouren in 2025<span class=\"mega-indicator\" aria-hidden=\"true\"><\/span><\/a>\n\t<ul class=\"mega-sub-menu\" id='mega-sub-menu-7866'>\n<li class=\"mega-menu-item mega-menu-item-type-post_type mega-menu-item-object-post mega-menu-item-5892\" id=\"mega-menu-item-5892\"><a class=\"mega-menu-link\" href=\"https:\/\/www.roch-privat.de\/wp\/22-tour-von-bux-cranz-fkw-neugr-bux\/\">22 \u2013 Tour von Buxtehude-Cranz-Finkenwerder-Neugraben-Buxtehude<\/a><\/li><li class=\"mega-menu-item mega-menu-item-type-post_type mega-menu-item-object-post mega-menu-item-7837\" id=\"mega-menu-item-7837\"><a class=\"mega-menu-link\" href=\"https:\/\/www.roch-privat.de\/wp\/23-tour-vom-bhf-harburg-zur-zollenspieker-faehre-in-hoopte\/\">23 \u2013 Tour vom Bahnhof Harburg zur Zollenspieker F\u00e4hre in Hoopte<\/a><\/li><li class=\"mega-menu-item mega-menu-item-type-post_type mega-menu-item-object-post mega-menu-item-8982\" id=\"mega-menu-item-8982\"><a class=\"mega-menu-link\" href=\"https:\/\/www.roch-privat.de\/wp\/24-tour-zum-bauernmarkt-an-der-faehre-brobergen\/\">24 \u2013 Tour zum Bauernmarkt an der F\u00e4hre Brobergen<\/a><\/li>\t<\/ul>\n<\/li><li class=\"mega-menu-item mega-menu-item-type-custom mega-menu-item-object-custom mega-menu-item-has-children mega-menu-item-12215\" id=\"mega-menu-item-12215\"><a class=\"mega-menu-link\" aria-expanded=\"false\" aria-controls=\"mega-sub-menu-12215\">Radtouren in 2026<span class=\"mega-indicator\" aria-hidden=\"true\"><\/span><\/a>\n\t<ul class=\"mega-sub-menu\" id='mega-sub-menu-12215'>\n<li class=\"mega-menu-item mega-menu-item-type-post_type mega-menu-item-object-post mega-menu-item-12237\" id=\"mega-menu-item-12237\"><a class=\"mega-menu-link\" href=\"https:\/\/www.roch-privat.de\/wp\/25-tour-von-bremervoerde-nach-bremerhaven\/\">25 &#8211; Tour von Bremerv\u00f6rde nach Bremerhaven<\/a><\/li><li class=\"mega-menu-item mega-menu-item-type-post_type mega-menu-item-object-post mega-menu-item-12318\" id=\"mega-menu-item-12318\"><a class=\"mega-menu-link\" href=\"https:\/\/www.roch-privat.de\/wp\/26-tour-durch-nord-kehdingen\/\">26 &#8211; Tour durch Nord-Kehdingen<\/a><\/li>\t<\/ul>\n<\/li><\/ul>\n<\/li><\/ul><button aria-controls=\"mega-menu-max_mega_menu_3\" aria-label=\"Close\" class='mega-close'><\/button><\/div>\t\t\t\t<\/div>\n\t\t\t\t<\/div>\n\t\t\t\t<\/div>\n\t\t<div class=\"elementor-element elementor-element-d0e23fa e-con-full e-flex wpr-equal-height-no e-con e-child\" data-id=\"d0e23fa\" data-element_type=\"container\" data-e-type=\"container\">\n\t\t\t\t<div class=\"elementor-element elementor-element-e7ef4ea elementor-widget__width-inherit elementor-align-center elementor-widget elementor-widget-elementskit-button\" data-id=\"e7ef4ea\" data-element_type=\"widget\" data-e-type=\"widget\" data-widget_type=\"elementskit-button.default\">\n\t\t\t\t<div class=\"elementor-widget-container\">\n\t\t\t\t\t<div class=\"ekit-wid-con\" >\t\t<div class=\"ekit-btn-wraper\">\n\t\t\t\t\t\t\t<a href=\"https:\/\/www.roch-privat.de\/wp\/unsere-reisen\/gpx-daten-unserer-radreisen\/\" class=\"elementskit-btn  whitespace--normal\" id=\"\">\n\t\t\t\t\t<svg class=\"e-font-icon-svg e-fas-map-marked-alt\" viewBox=\"0 0 576 512\" xmlns=\"http:\/\/www.w3.org\/2000\/svg\"><path d=\"M288 0c-69.59 0-126 56.41-126 126 0 56.26 82.35 158.8 113.9 196.02 6.39 7.54 17.82 7.54 24.2 0C331.65 284.8 414 182.26 414 126 414 56.41 357.59 0 288 0zm0 168c-23.2 0-42-18.8-42-42s18.8-42 42-42 42 18.8 42 42-18.8 42-42 42zM20.12 215.95A32.006 32.006 0 0 0 0 245.66v250.32c0 11.32 11.43 19.06 21.94 14.86L160 448V214.92c-8.84-15.98-16.07-31.54-21.25-46.42L20.12 215.95zM288 359.67c-14.07 0-27.38-6.18-36.51-16.96-19.66-23.2-40.57-49.62-59.49-76.72v182l192 64V266c-18.92 27.09-39.82 53.52-59.49 76.72-9.13 10.77-22.44 16.95-36.51 16.95zm266.06-198.51L416 224v288l139.88-55.95A31.996 31.996 0 0 0 576 426.34V176.02c0-11.32-11.43-19.06-21.94-14.86z\"><\/path><\/svg>Hier gehts zum Download der GPX-Dateien\t\t\t\t<\/a>\n\t\t\t\t\t<\/div>\n        <\/div>\t\t\t\t<\/div>\n\t\t\t\t<\/div>\n\t\t\t\t<\/div>\n\t\t\t\t\t<\/div>\n\t\t\t\t<\/div>\n\t\t<div class=\"elementor-element elementor-element-392a48f3 e-flex e-con-boxed wpr-equal-height-no e-con e-parent\" data-id=\"392a48f3\" data-element_type=\"container\" data-e-type=\"container\">\n\t\t\t\t\t<div class=\"e-con-inner\">\n\t\t\t\t<div class=\"elementor-element elementor-element-7b459db elementor-widget elementor-widget-text-editor\" data-id=\"7b459db\" data-element_type=\"widget\" data-e-type=\"widget\" data-widget_type=\"text-editor.default\">\n\t\t\t\t<div class=\"elementor-widget-container\">\n\t\t\t\t\t\t\t\t\t<p>Unser heutiger Plan ist es nach Buxtehude zu radeln und zur\u00fcck mit der RE5 nach Himmelpforten zu fahren.<\/p><p>Der erste Teil der Strecke bis zum L\u00fche-Anleger verlief entlang der von uns h\u00e4ufig genutzten und hier beschriebenen Strecke nach Stade, entlang der Schwinge bis Bassenfleth und dann vor dem Elbdeich bis zum L\u00fche-Anleger. Normalerweise machen wir noch einen Stop an der Kaffeeklappe auf ein Getr\u00e4nk oder ein St\u00fcck Kuchen, aber heute waren wir zu fr\u00fch dran. Die Kaffeeklappe \u00f6ffnet erst gegen Mittag. Also sind wir gleich weitergefahren bis zum L\u00fche-Anleger und haben dort eine l\u00e4ngere Pause mit einem leckeren Matjesbr\u00f6tchen gemacht.<\/p><p>Weiter ging es dann direkt an der Elbe bis zum Jachthafen Neuenschleuse und dann weiter durch die Obstplantagen nach Westerjork, Westerladekop und Osterladekop. Dann weiter \u00fcber die A26 nach Dammhausen und Buxthehude.<\/p><p>In Buxtehude haben wir uns im Eiscaf\u00e9 Venezia ein leckeres Eis geg\u00f6nnt. Louise ein Spaghettieis und ich ein Nuss Becher. Nach einer ausgedehnten Pause sind wir dann zum Bahnhof gefahren und haben den n\u00e4chsten RE5 nach Himmelpforten genommen.<\/p><p>Fazit: Immer wieder sch\u00f6n die Strecke an der Elbe und durch die Obstplantagen.<\/p>\t\t\t\t\t\t\t\t<\/div>\n\t\t\t\t<\/div>\n\t\t\t\t<div class=\"elementor-element elementor-element-5c73997 elementor-widget elementor-widget-wp-widget-mmp_shortcode\" data-id=\"5c73997\" data-element_type=\"widget\" data-e-type=\"widget\" data-widget_type=\"wp-widget-mmp_shortcode.default\">\n\t\t\t\t<div class=\"elementor-widget-container\">\n\t\t\t\t\t\t\t<div id=\"maps-marker-pro-13e6025b\" class=\"maps-marker-pro\" style=\"width: 1170px;\">\n\t\t\t<div id=\"mmp-map-wrap-13e6025b\" class=\"mmp-map-wrap\">\n\t\t\t\t\t\t\t\t<div id=\"mmp-map-13e6025b\" class=\"mmp-map\" style=\"height: 800px;\"><\/div>\n\t\t\t\t\t\t\t\t\t<div id=\"mmp-chart-wrap-13e6025b\" class=\"mmp-gpx-chart-wrap\" style=\"height: 200px;\"><\/div>\n\t\t\t\t\t\t\t<\/div>\n\t\t\t\t\t<\/div>\n\t\t\t\t\t\t<\/div>\n\t\t\t\t<\/div>\n\t\t\t\t\t<\/div>\n\t\t\t\t<\/div>\n\t\t<div class=\"elementor-element elementor-element-a2652ab e-flex e-con-boxed wpr-equal-height-no e-con e-parent\" data-id=\"a2652ab\" data-element_type=\"container\" data-e-type=\"container\">\n\t\t\t\t\t<div class=\"e-con-inner\">\n\t\t\t\t<div class=\"elementor-element elementor-element-9ddfcd5 elementor-widget elementor-widget-wpr-post-navigation\" data-id=\"9ddfcd5\" data-element_type=\"widget\" data-e-type=\"widget\" data-widget_type=\"wpr-post-navigation.default\">\n\t\t\t\t<div class=\"elementor-widget-container\">\n\t\t\t\t\t<div class=\"wpr-post-navigation-wrap elementor-clearfix wpr-post-nav-static-wrap wpr-post-nav-dividers\"><div class=\"wpr-post-nav-prev wpr-post-navigation wpr-post-nav-static\"><a href=\"https:\/\/www.roch-privat.de\/wp\/13-von-himmelpforten-nach-harsefeld\/\" class=\"elementor-clearfix\"><div class=\"wpr-posts-navigation-svg-wrapper\"><svg version=\"1.1\" xmlns=\"http:\/\/www.w3.org\/2000\/svg\" xmlns:xlink=\"http:\/\/www.w3.org\/1999\/xlink\" x=\"0px\" y=\"0px\" viewBox=\"0 0 303.3 512\" style=\"enable-background:new 0 0 303.3 512;\" xml:space=\"preserve\"><g><polygon class=\"st0\" points=\"94.7,256 303.3,464.6 256,512 47.3,303.4 0,256 47.3,208.6 256,0 303.3,47.4 \"\/><\/g><\/svg><\/div><div class=\"wpr-post-nav-labels\"><span>Vorheriger Beitrag<\/span><\/div><\/a><\/div><div class=\"wpr-post-nav-divider\"><\/div><div class=\"wpr-post-nav-next wpr-post-navigation wpr-post-nav-static\"><a href=\"https:\/\/www.roch-privat.de\/wp\/15-tour-zur-hogendiekbruecke-in-steinkirchen\/\" class=\"elementor-clearfix\"><div class=\"wpr-post-nav-labels\"><span>N\u00e4chster Beitrag<\/span><\/div><div class=\"wpr-posts-navigation-svg-wrapper\"><svg style=\"transform: rotate(180deg); -webkit-transform: rotate(180deg);\" version=\"1.1\" xmlns=\"http:\/\/www.w3.org\/2000\/svg\" xmlns:xlink=\"http:\/\/www.w3.org\/1999\/xlink\" x=\"0px\" y=\"0px\" viewBox=\"0 0 303.3 512\" style=\"enable-background:new 0 0 303.3 512;\" xml:space=\"preserve\"><g><polygon class=\"st0\" points=\"94.7,256 303.3,464.6 256,512 47.3,303.4 0,256 47.3,208.6 256,0 303.3,47.4 \"\/><\/g><\/svg><\/div><\/a><\/div><\/div>\t\t\t\t<\/div>\n\t\t\t\t<\/div>\n\t\t\t\t\t<\/div>\n\t\t\t\t<\/div>\n\t\t\t\t<\/div>\n\t\t","protected":false},"excerpt":{"rendered":"<p>Unser heutiger Plan ist es nach Buxtehude zu radeln und zur\u00fcck mit der RE5 nach Himmelpforten zu fahren&#8230;<\/p>\n","protected":false},"author":1,"featured_media":4058,"comment_status":"open","ping_status":"open","sticky":false,"template":"","format":"standard","meta":{"site-sidebar-layout":"default","site-content-layout":"","ast-site-content-layout":"","site-content-style":"default","site-sidebar-style":"default","ast-global-header-display":"","ast-banner-title-visibility":"","ast-main-header-display":"","ast-hfb-above-header-display":"","ast-hfb-below-header-display":"","ast-hfb-mobile-header-display":"","site-post-title":"disabled","ast-breadcrumbs-content":"","ast-featured-img":"","footer-sml-layout":"","ast-disable-related-posts":"","theme-transparent-header-meta":"","adv-header-id-meta":"","stick-header-meta":"","header-above-stick-meta":"","header-main-stick-meta":"","header-below-stick-meta":"","astra-migrate-meta-layouts":"default","ast-page-background-enabled":"default","ast-page-background-meta":{"desktop":{"background-color":"var(--ast-global-color-4)","background-image":"","background-repeat":"repeat","background-position":"center center","background-size":"auto","background-attachment":"scroll","background-type":"","background-media":"","overlay-type":"","overlay-color":"","overlay-opacity":"","overlay-gradient":""},"tablet":{"background-color":"","background-image":"","background-repeat":"repeat","background-position":"center center","background-size":"auto","background-attachment":"scroll","background-type":"","background-media":"","overlay-type":"","overlay-color":"","overlay-opacity":"","overlay-gradient":""},"mobile":{"background-color":"","background-image":"","background-repeat":"repeat","background-position":"center center","background-size":"auto","background-attachment":"scroll","background-type":"","background-media":"","overlay-type":"","overlay-color":"","overlay-opacity":"","overlay-gradient":""}},"ast-content-background-meta":{"desktop":{"background-color":"var(--ast-global-color-5)","background-image":"","background-repeat":"repeat","background-position":"center center","background-size":"auto","background-attachment":"scroll","background-type":"","background-media":"","overlay-type":"","overlay-color":"","overlay-opacity":"","overlay-gradient":""},"tablet":{"background-color":"var(--ast-global-color-5)","background-image":"","background-repeat":"repeat","background-position":"center center","background-size":"auto","background-attachment":"scroll","background-type":"","background-media":"","overlay-type":"","overlay-color":"","overlay-opacity":"","overlay-gradient":""},"mobile":{"background-color":"var(--ast-global-color-5)","background-image":"","background-repeat":"repeat","background-position":"center center","background-size":"auto","background-attachment":"scroll","background-type":"","background-media":"","overlay-type":"","overlay-color":"","overlay-opacity":"","overlay-gradient":""}},"footnotes":""},"categories":[112],"tags":[],"class_list":["post-4062","post","type-post","status-publish","format-standard","has-post-thumbnail","hentry","category-radtouren-im-heimatumfeld"],"_links":{"self":[{"href":"https:\/\/www.roch-privat.de\/wp\/wp-json\/wp\/v2\/posts\/4062","targetHints":{"allow":["GET"]}}],"collection":[{"href":"https:\/\/www.roch-privat.de\/wp\/wp-json\/wp\/v2\/posts"}],"about":[{"href":"https:\/\/www.roch-privat.de\/wp\/wp-json\/wp\/v2\/types\/post"}],"author":[{"embeddable":true,"href":"https:\/\/www.roch-privat.de\/wp\/wp-json\/wp\/v2\/users\/1"}],"replies":[{"embeddable":true,"href":"https:\/\/www.roch-privat.de\/wp\/wp-json\/wp\/v2\/comments?post=4062"}],"version-history":[{"count":0,"href":"https:\/\/www.roch-privat.de\/wp\/wp-json\/wp\/v2\/posts\/4062\/revisions"}],"wp:featuredmedia":[{"embeddable":true,"href":"https:\/\/www.roch-privat.de\/wp\/wp-json\/wp\/v2\/media\/4058"}],"wp:attachment":[{"href":"https:\/\/www.roch-privat.de\/wp\/wp-json\/wp\/v2\/media?parent=4062"}],"wp:term":[{"taxonomy":"category","embeddable":true,"href":"https:\/\/www.roch-privat.de\/wp\/wp-json\/wp\/v2\/categories?post=4062"},{"taxonomy":"post_tag","embeddable":true,"href":"https:\/\/www.roch-privat.de\/wp\/wp-json\/wp\/v2\/tags?post=4062"}],"curies":[{"name":"wp","href":"https:\/\/api.w.org\/{rel}","templated":true}]}}